{"id":34158,"date":"2023-07-18T07:20:01","date_gmt":"2023-07-18T07:20:01","guid":{"rendered":"https:\/\/cardiacinstitute.bg\/?p=34158"},"modified":"2023-07-18T07:20:27","modified_gmt":"2023-07-18T07:20:27","slug":"lack-of-cancer-prevention-in-young-people-leads-to-severe-social-and-economic-consequence","status":"publish","type":"post","link":"https:\/\/cardiacinstitute.bg\/tr\/2023\/07\/18\/lack-of-cancer-prevention-in-young-people-leads-to-severe-social-and-economic-consequence\/","title":{"rendered":"Gen\u00e7lerde kanserin \u00f6nlenmemesi ciddi sosyal ve ekonomik sonu\u00e7lara yol a\u00e7maktad\u0131r"},"content":{"rendered":"<p>Kanser denildi\u011finde \u00e7o\u011fumuzun akl\u0131na \u00e7ok ileri ya\u015flarda, genellikle emeklilik \u00e7a\u011f\u0131nda, ki\u015fisel ve mesleki ya\u015famlar\u0131nda uzun y\u0131llar boyunca zararl\u0131 fakt\u00f6rlere maruz kalm\u0131\u015f hastalar gelir. Avrupa Birli\u011fi ve Amerika Birle\u015fik Devletleri&#8217;ndeki \u00fclkelerden son 2-3 on y\u0131lda elde edilen epidemiyolojik veriler, ergen ve gen\u00e7 yeti\u015fkin (AYA) kanserleri olarak adland\u0131r\u0131lan \u00e7ok daha gen\u00e7 ya\u015ftaki kanser hastalar\u0131n\u0131n say\u0131s\u0131nda endi\u015fe verici bir art\u0131\u015f e\u011filimi oldu\u011funu g\u00f6stermektedir. Endi\u015fe sadece t\u0131bbi ve bilimsel de\u011fil, ayn\u0131 zamanda sosyal ve ekonomiktir.<\/p>\n<p>Bu ki\u015filer, n\u00fcfus verilerine g\u00f6re d\u00fcnya n\u00fcfusunun yakla\u015f\u0131k %40&#8217;\u0131n\u0131 olu\u015fturan 15 ila 39 ya\u015f aras\u0131ndaki ki\u015filerdir (tan\u0131m olarak ergenlik d\u00f6nemi gen\u00e7lik y\u0131llar\u0131n\u0131 kapsar ve gen\u00e7 yeti\u015fkinler ya\u015fam\u0131n \u00fc\u00e7\u00fcnc\u00fc ve d\u00f6rd\u00fcnc\u00fc on y\u0131l\u0131ndaki ki\u015filerdir).<\/p>\n<p>Son y\u0131llarda AYA&#8217;da yeni te\u015fhis edilen kanser vakalar\u0131n\u0131n say\u0131s\u0131ndaki kademeli art\u0131\u015f\u0131n ard\u0131ndan, bu hastalar \u015fu anda (2023) y\u00fcksek sosyoekonomik standartlara sahip \u00fclkelerdeki t\u00fcm yeni kanser vakalar\u0131n\u0131n yakla\u015f\u0131k %4&#8217;\u00fcn\u00fc temsil etmektedir. Bu da Avrupa&#8217;da y\u0131lda 50.000-70.000 yeni AYA kanseri vakas\u0131n\u0131n ortaya \u00e7\u0131kaca\u011f\u0131 anlam\u0131na gelmektedir (EUROCARE-5&#8217;e g\u00f6re). \u0130yi haber ise bu ya\u015f grubunda kanserden \u00f6l\u00fcm oran\u0131n\u0131n insidans trendini takip etmemesidir. Avrupa&#8217;da en yayg\u0131n t\u00fcm\u00f6rler i\u00e7in be\u015f y\u0131ll\u0131k sa\u011fkal\u0131m %87 civar\u0131ndad\u0131r (23 Avrupa \u00fclkesindeki 83 kanser kay\u0131t merkezinden al\u0131nan verilere g\u00f6re 1994 ve 2002 y\u0131llar\u0131 aras\u0131nda tedavi edilen 30 187 kanser hastas\u0131 i\u00e7in hesaplanm\u0131\u015ft\u0131r). Ne yaz\u0131k ki Bulgaristan, Avrupa&#8217;daki en y\u00fcksek AYA \u00f6l\u00fcm oranlar\u0131ndan biriyle (100.000&#8217;de yakla\u015f\u0131k 11) bu kategoride en olumsuz g\u00f6stergelere sahip AB \u00fclkeleri aras\u0131nda yer almaktad\u0131r.<\/p>\n<p>Analizin tamam\u0131na <a href=\"https:\/\/www.standartnews.com\/balgariya-zdraveopazvane\/lipsata-na-preventsiya-na-rak-pri-mladite-khora-vodi-do-tezhki-sotsialni-i-ikonomi-cheski-posleditsi-530106.html\"><em>buradan<\/em><\/a> Bulgarca olarak ula\u015fabilirsiniz.<\/p>\n","protected":false},"excerpt":{"rendered":"<p>Kanser denildi\u011finde \u00e7o\u011fumuzun akl\u0131na \u00e7ok ileri ya\u015flarda, genellikle emeklilik \u00e7a\u011f\u0131nda, ki\u015fisel ve mesleki ya\u015famlar\u0131nda uzun y\u0131llar boyunca zararl\u0131 fakt\u00f6rlere maruz kalm\u0131\u015f hastalar gelir. Avrupa Birli\u011fi ve Amerika Birle\u015fik Devletleri&#8217;ndeki \u00fclkelerden son 2-3 on y\u0131lda elde edilen epidemiyolojik veriler, ergen ve gen\u00e7 yeti\u015fkin (AYA) kanserleri olarak adland\u0131r\u0131lan \u00e7ok daha gen\u00e7 ya\u015ftaki kanser hastalar\u0131n\u0131n say\u0131s\u0131nda endi\u015fe verici [&hellip;]<\/p>\n","protected":false},"author":1,"featured_media":0,"comment_status":"closed","ping_status":"closed","sticky":false,"template":"","format":"standard","meta":{"footnotes":""},"categories":[200],"tags":[],"class_list":["post-34158","post","type-post","status-publish","format-standard","hentry","category-haber"],"_links":{"self":[{"href":"https:\/\/cardiacinstitute.bg\/tr\/wp-json\/wp\/v2\/posts\/34158","targetHints":{"allow":["GET"]}}],"collection":[{"href":"https:\/\/cardiacinstitute.bg\/tr\/wp-json\/wp\/v2\/posts"}],"about":[{"href":"https:\/\/cardiacinstitute.bg\/tr\/wp-json\/wp\/v2\/types\/post"}],"author":[{"embeddable":true,"href":"https:\/\/cardiacinstitute.bg\/tr\/wp-json\/wp\/v2\/users\/1"}],"replies":[{"embeddable":true,"href":"https:\/\/cardiacinstitute.bg\/tr\/wp-json\/wp\/v2\/comments?post=34158"}],"version-history":[{"count":3,"href":"https:\/\/cardiacinstitute.bg\/tr\/wp-json\/wp\/v2\/posts\/34158\/revisions"}],"predecessor-version":[{"id":34161,"href":"https:\/\/cardiacinstitute.bg\/tr\/wp-json\/wp\/v2\/posts\/34158\/revisions\/34161"}],"wp:attachment":[{"href":"https:\/\/cardiacinstitute.bg\/tr\/wp-json\/wp\/v2\/media?parent=34158"}],"wp:term":[{"taxonomy":"category","embeddable":true,"href":"https:\/\/cardiacinstitute.bg\/tr\/wp-json\/wp\/v2\/categories?post=34158"},{"taxonomy":"post_tag","embeddable":true,"href":"https:\/\/cardiacinstitute.bg\/tr\/wp-json\/wp\/v2\/tags?post=34158"}],"curies":[{"name":"wp","href":"https:\/\/api.w.org\/{rel}","templated":true}]}}